{"id":7609,"date":"2025-12-10T10:55:08","date_gmt":"2025-12-10T09:55:08","guid":{"rendered":"https:\/\/www.velfor.com\/velfor-nimmt-an-der-fachmesse-fuer-gesundheitswesen-teil-pharmapack-2026\/"},"modified":"2026-04-02T09:01:22","modified_gmt":"2026-04-02T07:01:22","slug":"velfor-nimmt-an-der-fachmesse-fuer-gesundheitswesen-teil-pharmapack-2026","status":"publish","type":"post","link":"https:\/\/www.velfor.com\/de\/velfor-nimmt-an-der-fachmesse-fuer-gesundheitswesen-teil-pharmapack-2026\/","title":{"rendered":"Velfor nimmt an der Fachmesse f\u00fcr Gesundheitswesen teil: Pharmapack 2026"},"content":{"rendered":"<h2 class=\"ai-optimize-6 ai-optimize-introduction\">Zusammenfassung: Wo Sie uns auf der <a href=\"https:\/\/www.pharmapackeurope.com\/en\/home.html\" target=\"_blank\" rel=\"noopener\">Pharmapack 2026<\/a> finden<\/h2>\n<ul>\n<li class=\"ai-optimize-7 ai-optimize-introduction\">Datum: 21. bis 22. Januar 2026<\/li>\n<li class=\"ai-optimize-8\">Wo: Paris Expo, Porte de Versailles, Frankreich<\/li>\n<li class=\"ai-optimize-9\">Welcher Stand: Halle 4, Stand C80<\/li>\n<\/ul>\n<h2 class=\"ai-optimize-6\">Pharmapack und seine M\u00f6glichkeiten<\/h2>\n<p class=\"ai-optimize-7\">Die diesj\u00e4hrige Ausgabe 2026 verspricht wieder spannend zu werden: \u00dcber 6000 Aussteller, 400 Unternehmen und mehr als 90 L\u00e4nder werden an der Messe teilnehmen!<\/p>\n<p class=\"ai-optimize-8\">Im Gesundheitswesen werden mehrere Bereiche vorgestellt, darunter sterile Verpackungen und Verpackungen. Ein Know-how, das die <a href=\"https:\/\/www.velfor.com\/de\/fachwissen-gesundheit\/\" target=\"_blank\" rel=\"noopener\">Velfor-Gruppe <\/a>perfekt beherrscht. <\/p>\n<p class=\"ai-optimize-9\">Mit dieser Vielzahl an Ausstellern und Konferenzmoderatoren ist dies der ideale Zeitpunkt, um Kontakte zu kn\u00fcpfen und sich \u00fcber die Zukunft des Medizinsektors auszutauschen. Z\u00f6gern Sie nicht, sich jetzt Ihren Pass zu sichern, um unser Team vor Ort zu treffen! <\/p>\n<h2 class=\"ai-optimize-12\">Treffen Sie das Velfor-Team auf der Pharmapack 2026<\/h2>\n<p class=\"ai-optimize-13\">Wie Sie sicher schon wissen, nimmt die Velfor-Gruppe an der Messe Pharmapack 2026 teil. Lernen Sie unser Team kennen und besuchen Sie unseren Stand, an dem wir Ihnen unser Fachwissen pr\u00e4sentieren. In diesem Jahr legen wir besonderen Wert darauf, unseren verantwortungsvollen Ansatz und unser Bestreben nach einer nachhaltigeren Produktion hervorzuheben. Dar\u00fcber hinaus stellen wir unsere <a href=\"https:\/\/www.velfor.com\/de\/die-gruppe\/qualitaet\/\" target=\"_blank\" rel=\"noopener\">Zertifizierungen<\/a> in den Vordergrund, die unsere Fachkompetenz und die Qualit\u00e4t unserer Produkte belegen.   <\/p>\n<p class=\"ai-optimize-14\">Selbstverst\u00e4ndlich pr\u00e4sentieren wir Ihnen auch unser Angebot an Blistern sowie Standard- und ma\u00dfgeschneiderten Beuteln, die mit Hilfe der Hochfrequenz-Schwei\u00dftechnik hergestellt werden:<\/p>\n<p class=\"ai-optimize-21\">Dank unseres Know-hows k\u00f6nnen wir Ihnen ma\u00dfgeschneiderte Blisterverpackungen anbieten. Diese eignen sich beispielsweise f\u00fcr die Verpackung von Prothesen (orthop\u00e4dische Prothesen, Brustprothesen usw.). Wir produzieren auch Pillendosen und andere Blisterverpackungen f\u00fcr Drogerieartikel.  <\/p>\n<p class=\"ai-optimize-15\">Unsere ma\u00dfgeschneiderten Taschen weisen verschiedene Merkmale auf:<\/p>\n<ul>\n<li class=\"ai-optimize-16\">Anpassbare Formen, Materialien und Aufdrucke<\/li>\n<li class=\"ai-optimize-17\">Starre und\/oder flexible<\/li>\n<li class=\"ai-optimize-18\">M\u00f6glichkeit, Zubeh\u00f6rteile zusammenzubauen und\/oder zu montieren<\/li>\n<\/ul>\n<p class=\"ai-optimize-19\">Alle unsere Produkte werden in Umgebungen hergestellt, die den strengsten Vorschriften der Branche entsprechen: Reinr\u00e4ume, Graur\u00e4ume und Wei\u00dfr\u00e4ume.<\/p>\n<h4 class=\"ai-optimize-23\">All dies sind Gr\u00fcnde, die Velfor-Expertise auf der Messe Pharmapack 2026 zu entdecken!<\/h4>\n<h4 class=\"ai-optimize-23\"> <a href=\"https:\/\/www.velfor.com\/de\/gesundheit\/\" target=\"_blank\" rel=\"noopener\">Um mehr zu erfahren, klicken Sie hier! <\/a><\/h4>\n<p>&nbsp;<\/p>\n","protected":false},"excerpt":{"rendered":"<p>Zusammenfassung: Wo Sie uns auf der Pharmapack 2026 finden Datum: 21. bis 22. Januar 2026 Wo: Paris Expo, Porte de Versailles, Frankreich Welcher Stand: Halle 4, Stand C80 Pharmapack und seine M\u00f6glichkeiten Die diesj\u00e4hrige Ausgabe 2026 verspricht wieder spannend zu werden: \u00dcber 6000 Aussteller, 400 Unternehmen und mehr als 90 L\u00e4nder werden an der Messe [&hellip;]<\/p>\n","protected":false},"author":5,"featured_media":7593,"comment_status":"open","ping_status":"open","sticky":false,"template":"","format":"standard","meta":{"_acf_changed":false,"footnotes":""},"categories":[37,41],"tags":[],"class_list":["post-7609","post","type-post","status-publish","format-standard","has-post-thumbnail","hentry","category-ereignis","category-gesundheit"],"acf":[],"yoast_head":"<!-- This site is optimized with the Yoast SEO Premium plugin v25.2 (Yoast SEO v25.2) - https:\/\/yoast.com\/wordpress\/plugins\/seo\/ -->\n<title>Velfor auf der Messe Pharmapack 2026<\/title>\n<meta name=\"description\" content=\"Treffen Sie das Velfor-Team auf der Fachmesse f\u00fcr den Gesundheitssektor Pharmapack 2026 in Paris und tauschen Sie sich mit ihm aus.\" \/>\n<meta name=\"robots\" content=\"index, follow, max-snippet:-1, max-image-preview:large, max-video-preview:-1\" \/>\n<link rel=\"canonical\" href=\"https:\/\/www.velfor.com\/de\/velfor-nimmt-an-der-fachmesse-fuer-gesundheitswesen-teil-pharmapack-2026\/\" \/>\n<meta property=\"og:locale\" content=\"de_DE\" \/>\n<meta property=\"og:type\" content=\"article\" \/>\n<meta property=\"og:title\" content=\"Velfor nimmt an der Fachmesse f\u00fcr Gesundheitswesen teil: Pharmapack 2026\" \/>\n<meta property=\"og:description\" content=\"Treffen Sie das Velfor-Team auf der Fachmesse f\u00fcr den Gesundheitssektor Pharmapack 2026 in Paris und tauschen Sie sich mit ihm aus.\" \/>\n<meta property=\"og:url\" content=\"https:\/\/www.velfor.com\/de\/velfor-nimmt-an-der-fachmesse-fuer-gesundheitswesen-teil-pharmapack-2026\/\" \/>\n<meta property=\"og:site_name\" content=\"Velfor\" \/>\n<meta property=\"article:published_time\" content=\"2025-12-10T09:55:08+00:00\" \/>\n<meta property=\"article:modified_time\" content=\"2026-04-02T07:01:22+00:00\" \/>\n<meta property=\"og:image\" content=\"https:\/\/www.velfor.com\/wp-content\/uploads\/2025\/12\/Meet-us-at-PHARMAPACK-2026-Hall-4-Boot-C80-Paris-Expo-Porte-de-Versailles-France.png\" \/>\n\t<meta property=\"og:image:width\" content=\"1200\" \/>\n\t<meta property=\"og:image:height\" content=\"1200\" \/>\n\t<meta property=\"og:image:type\" content=\"image\/png\" \/>\n<meta name=\"author\" content=\"e.exbrayat@velfor.com\" \/>\n<meta name=\"twitter:card\" content=\"summary_large_image\" \/>\n<meta name=\"twitter:label1\" content=\"Written by\" \/>\n\t<meta name=\"twitter:data1\" content=\"e.exbrayat@velfor.com\" \/>\n\t<meta name=\"twitter:label2\" content=\"Est. reading time\" \/>\n\t<meta name=\"twitter:data2\" content=\"2\u00a0Minute\" \/>\n<script type=\"application\/ld+json\" class=\"yoast-schema-graph\">{\"@context\":\"https:\/\/schema.org\",\"@graph\":[{\"@type\":\"Article\",\"@id\":\"https:\/\/www.velfor.com\/de\/velfor-nimmt-an-der-fachmesse-fuer-gesundheitswesen-teil-pharmapack-2026\/#article\",\"isPartOf\":{\"@id\":\"https:\/\/www.velfor.com\/de\/velfor-nimmt-an-der-fachmesse-fuer-gesundheitswesen-teil-pharmapack-2026\/\"},\"author\":{\"name\":\"e.exbrayat@velfor.com\",\"@id\":\"https:\/\/www.velfor.com\/de\/#\/schema\/person\/e18cc7613e53f0ac050e1fddc7b0c783\"},\"headline\":\"Velfor nimmt an der Fachmesse f\u00fcr Gesundheitswesen teil: Pharmapack 2026\",\"datePublished\":\"2025-12-10T09:55:08+00:00\",\"dateModified\":\"2026-04-02T07:01:22+00:00\",\"mainEntityOfPage\":{\"@id\":\"https:\/\/www.velfor.com\/de\/velfor-nimmt-an-der-fachmesse-fuer-gesundheitswesen-teil-pharmapack-2026\/\"},\"wordCount\":327,\"commentCount\":0,\"publisher\":{\"@id\":\"https:\/\/www.velfor.com\/de\/#organization\"},\"image\":{\"@id\":\"https:\/\/www.velfor.com\/de\/velfor-nimmt-an-der-fachmesse-fuer-gesundheitswesen-teil-pharmapack-2026\/#primaryimage\"},\"thumbnailUrl\":\"https:\/\/www.velfor.com\/wp-content\/uploads\/2025\/12\/Meet-us-at-PHARMAPACK-2026-Hall-4-Boot-C80-Paris-Expo-Porte-de-Versailles-France.png\",\"articleSection\":[\"Ereignis\",\"Gesundheit\"],\"inLanguage\":\"de\",\"potentialAction\":[{\"@type\":\"CommentAction\",\"name\":\"Comment\",\"target\":[\"https:\/\/www.velfor.com\/de\/velfor-nimmt-an-der-fachmesse-fuer-gesundheitswesen-teil-pharmapack-2026\/#respond\"]}]},{\"@type\":\"WebPage\",\"@id\":\"https:\/\/www.velfor.com\/de\/velfor-nimmt-an-der-fachmesse-fuer-gesundheitswesen-teil-pharmapack-2026\/\",\"url\":\"https:\/\/www.velfor.com\/de\/velfor-nimmt-an-der-fachmesse-fuer-gesundheitswesen-teil-pharmapack-2026\/\",\"name\":\"Velfor auf der Messe Pharmapack 2026\",\"isPartOf\":{\"@id\":\"https:\/\/www.velfor.com\/de\/#website\"},\"primaryImageOfPage\":{\"@id\":\"https:\/\/www.velfor.com\/de\/velfor-nimmt-an-der-fachmesse-fuer-gesundheitswesen-teil-pharmapack-2026\/#primaryimage\"},\"image\":{\"@id\":\"https:\/\/www.velfor.com\/de\/velfor-nimmt-an-der-fachmesse-fuer-gesundheitswesen-teil-pharmapack-2026\/#primaryimage\"},\"thumbnailUrl\":\"https:\/\/www.velfor.com\/wp-content\/uploads\/2025\/12\/Meet-us-at-PHARMAPACK-2026-Hall-4-Boot-C80-Paris-Expo-Porte-de-Versailles-France.png\",\"datePublished\":\"2025-12-10T09:55:08+00:00\",\"dateModified\":\"2026-04-02T07:01:22+00:00\",\"description\":\"Treffen Sie das Velfor-Team auf der Fachmesse f\u00fcr den Gesundheitssektor Pharmapack 2026 in Paris und tauschen Sie sich mit ihm aus.\",\"breadcrumb\":{\"@id\":\"https:\/\/www.velfor.com\/de\/velfor-nimmt-an-der-fachmesse-fuer-gesundheitswesen-teil-pharmapack-2026\/#breadcrumb\"},\"inLanguage\":\"de\",\"potentialAction\":[{\"@type\":\"ReadAction\",\"target\":[\"https:\/\/www.velfor.com\/de\/velfor-nimmt-an-der-fachmesse-fuer-gesundheitswesen-teil-pharmapack-2026\/\"]}]},{\"@type\":\"ImageObject\",\"inLanguage\":\"de\",\"@id\":\"https:\/\/www.velfor.com\/de\/velfor-nimmt-an-der-fachmesse-fuer-gesundheitswesen-teil-pharmapack-2026\/#primaryimage\",\"url\":\"https:\/\/www.velfor.com\/wp-content\/uploads\/2025\/12\/Meet-us-at-PHARMAPACK-2026-Hall-4-Boot-C80-Paris-Expo-Porte-de-Versailles-France.png\",\"contentUrl\":\"https:\/\/www.velfor.com\/wp-content\/uploads\/2025\/12\/Meet-us-at-PHARMAPACK-2026-Hall-4-Boot-C80-Paris-Expo-Porte-de-Versailles-France.png\",\"width\":1200,\"height\":1200,\"caption\":\"velfor participe au salon 2026 pharmapack\"},{\"@type\":\"BreadcrumbList\",\"@id\":\"https:\/\/www.velfor.com\/de\/velfor-nimmt-an-der-fachmesse-fuer-gesundheitswesen-teil-pharmapack-2026\/#breadcrumb\",\"itemListElement\":[{\"@type\":\"ListItem\",\"position\":1,\"name\":\"Accueil\",\"item\":\"https:\/\/www.velfor.com\/de\/startseite\/\"},{\"@type\":\"ListItem\",\"position\":2,\"name\":\"Velfor nimmt an der Fachmesse f\u00fcr Gesundheitswesen teil: Pharmapack 2026\"}]},{\"@type\":\"WebSite\",\"@id\":\"https:\/\/www.velfor.com\/de\/#website\",\"url\":\"https:\/\/www.velfor.com\/de\/\",\"name\":\"Velfor\",\"description\":\"Le Groupe Velfor, votre partenaire privil\u00e9gi\u00e9 pour des solutions durables et innovantes\",\"publisher\":{\"@id\":\"https:\/\/www.velfor.com\/de\/#organization\"},\"potentialAction\":[{\"@type\":\"SearchAction\",\"target\":{\"@type\":\"EntryPoint\",\"urlTemplate\":\"https:\/\/www.velfor.com\/de\/?s={search_term_string}\"},\"query-input\":{\"@type\":\"PropertyValueSpecification\",\"valueRequired\":true,\"valueName\":\"search_term_string\"}}],\"inLanguage\":\"de\"},{\"@type\":\"Organization\",\"@id\":\"https:\/\/www.velfor.com\/de\/#organization\",\"name\":\"Velfor\",\"url\":\"https:\/\/www.velfor.com\/de\/\",\"logo\":{\"@type\":\"ImageObject\",\"inLanguage\":\"de\",\"@id\":\"https:\/\/www.velfor.com\/de\/#\/schema\/logo\/image\/\",\"url\":\"https:\/\/www.velfor.com\/wp-content\/uploads\/2024\/12\/velfor-logo.svg\",\"contentUrl\":\"https:\/\/www.velfor.com\/wp-content\/uploads\/2024\/12\/velfor-logo.svg\",\"width\":210,\"height\":44,\"caption\":\"Velfor\"},\"image\":{\"@id\":\"https:\/\/www.velfor.com\/de\/#\/schema\/logo\/image\/\"}},{\"@type\":\"Person\",\"@id\":\"https:\/\/www.velfor.com\/de\/#\/schema\/person\/e18cc7613e53f0ac050e1fddc7b0c783\",\"name\":\"e.exbrayat@velfor.com\",\"image\":{\"@type\":\"ImageObject\",\"inLanguage\":\"de\",\"@id\":\"https:\/\/www.velfor.com\/de\/#\/schema\/person\/image\/\",\"url\":\"https:\/\/secure.gravatar.com\/avatar\/1349fea46ea8536aa0452bfe960cd4eb17dc35ffbf58d34e85afbda6b0547688?s=96&d=mm&r=g\",\"contentUrl\":\"https:\/\/secure.gravatar.com\/avatar\/1349fea46ea8536aa0452bfe960cd4eb17dc35ffbf58d34e85afbda6b0547688?s=96&d=mm&r=g\",\"caption\":\"e.exbrayat@velfor.com\"},\"url\":\"https:\/\/www.velfor.com\/de\/author\/e-exbrayatvelfor-com\/\"}]}<\/script>\n<!-- \/ Yoast SEO Premium plugin. -->","yoast_head_json":{"title":"Velfor auf der Messe Pharmapack 2026","description":"Treffen Sie das Velfor-Team auf der Fachmesse f\u00fcr den Gesundheitssektor Pharmapack 2026 in Paris und tauschen Sie sich mit ihm aus.","robots":{"index":"index","follow":"follow","max-snippet":"max-snippet:-1","max-image-preview":"max-image-preview:large","max-video-preview":"max-video-preview:-1"},"canonical":"https:\/\/www.velfor.com\/de\/velfor-nimmt-an-der-fachmesse-fuer-gesundheitswesen-teil-pharmapack-2026\/","og_locale":"de_DE","og_type":"article","og_title":"Velfor nimmt an der Fachmesse f\u00fcr Gesundheitswesen teil: Pharmapack 2026","og_description":"Treffen Sie das Velfor-Team auf der Fachmesse f\u00fcr den Gesundheitssektor Pharmapack 2026 in Paris und tauschen Sie sich mit ihm aus.","og_url":"https:\/\/www.velfor.com\/de\/velfor-nimmt-an-der-fachmesse-fuer-gesundheitswesen-teil-pharmapack-2026\/","og_site_name":"Velfor","article_published_time":"2025-12-10T09:55:08+00:00","article_modified_time":"2026-04-02T07:01:22+00:00","og_image":[{"width":1200,"height":1200,"url":"https:\/\/www.velfor.com\/wp-content\/uploads\/2025\/12\/Meet-us-at-PHARMAPACK-2026-Hall-4-Boot-C80-Paris-Expo-Porte-de-Versailles-France.png","type":"image\/png"}],"author":"e.exbrayat@velfor.com","twitter_card":"summary_large_image","twitter_misc":{"Written by":"e.exbrayat@velfor.com","Est. reading time":"2\u00a0Minute"},"schema":{"@context":"https:\/\/schema.org","@graph":[{"@type":"Article","@id":"https:\/\/www.velfor.com\/de\/velfor-nimmt-an-der-fachmesse-fuer-gesundheitswesen-teil-pharmapack-2026\/#article","isPartOf":{"@id":"https:\/\/www.velfor.com\/de\/velfor-nimmt-an-der-fachmesse-fuer-gesundheitswesen-teil-pharmapack-2026\/"},"author":{"name":"e.exbrayat@velfor.com","@id":"https:\/\/www.velfor.com\/de\/#\/schema\/person\/e18cc7613e53f0ac050e1fddc7b0c783"},"headline":"Velfor nimmt an der Fachmesse f\u00fcr Gesundheitswesen teil: Pharmapack 2026","datePublished":"2025-12-10T09:55:08+00:00","dateModified":"2026-04-02T07:01:22+00:00","mainEntityOfPage":{"@id":"https:\/\/www.velfor.com\/de\/velfor-nimmt-an-der-fachmesse-fuer-gesundheitswesen-teil-pharmapack-2026\/"},"wordCount":327,"commentCount":0,"publisher":{"@id":"https:\/\/www.velfor.com\/de\/#organization"},"image":{"@id":"https:\/\/www.velfor.com\/de\/velfor-nimmt-an-der-fachmesse-fuer-gesundheitswesen-teil-pharmapack-2026\/#primaryimage"},"thumbnailUrl":"https:\/\/www.velfor.com\/wp-content\/uploads\/2025\/12\/Meet-us-at-PHARMAPACK-2026-Hall-4-Boot-C80-Paris-Expo-Porte-de-Versailles-France.png","articleSection":["Ereignis","Gesundheit"],"inLanguage":"de","potentialAction":[{"@type":"CommentAction","name":"Comment","target":["https:\/\/www.velfor.com\/de\/velfor-nimmt-an-der-fachmesse-fuer-gesundheitswesen-teil-pharmapack-2026\/#respond"]}]},{"@type":"WebPage","@id":"https:\/\/www.velfor.com\/de\/velfor-nimmt-an-der-fachmesse-fuer-gesundheitswesen-teil-pharmapack-2026\/","url":"https:\/\/www.velfor.com\/de\/velfor-nimmt-an-der-fachmesse-fuer-gesundheitswesen-teil-pharmapack-2026\/","name":"Velfor auf der Messe Pharmapack 2026","isPartOf":{"@id":"https:\/\/www.velfor.com\/de\/#website"},"primaryImageOfPage":{"@id":"https:\/\/www.velfor.com\/de\/velfor-nimmt-an-der-fachmesse-fuer-gesundheitswesen-teil-pharmapack-2026\/#primaryimage"},"image":{"@id":"https:\/\/www.velfor.com\/de\/velfor-nimmt-an-der-fachmesse-fuer-gesundheitswesen-teil-pharmapack-2026\/#primaryimage"},"thumbnailUrl":"https:\/\/www.velfor.com\/wp-content\/uploads\/2025\/12\/Meet-us-at-PHARMAPACK-2026-Hall-4-Boot-C80-Paris-Expo-Porte-de-Versailles-France.png","datePublished":"2025-12-10T09:55:08+00:00","dateModified":"2026-04-02T07:01:22+00:00","description":"Treffen Sie das Velfor-Team auf der Fachmesse f\u00fcr den Gesundheitssektor Pharmapack 2026 in Paris und tauschen Sie sich mit ihm aus.","breadcrumb":{"@id":"https:\/\/www.velfor.com\/de\/velfor-nimmt-an-der-fachmesse-fuer-gesundheitswesen-teil-pharmapack-2026\/#breadcrumb"},"inLanguage":"de","potentialAction":[{"@type":"ReadAction","target":["https:\/\/www.velfor.com\/de\/velfor-nimmt-an-der-fachmesse-fuer-gesundheitswesen-teil-pharmapack-2026\/"]}]},{"@type":"ImageObject","inLanguage":"de","@id":"https:\/\/www.velfor.com\/de\/velfor-nimmt-an-der-fachmesse-fuer-gesundheitswesen-teil-pharmapack-2026\/#primaryimage","url":"https:\/\/www.velfor.com\/wp-content\/uploads\/2025\/12\/Meet-us-at-PHARMAPACK-2026-Hall-4-Boot-C80-Paris-Expo-Porte-de-Versailles-France.png","contentUrl":"https:\/\/www.velfor.com\/wp-content\/uploads\/2025\/12\/Meet-us-at-PHARMAPACK-2026-Hall-4-Boot-C80-Paris-Expo-Porte-de-Versailles-France.png","width":1200,"height":1200,"caption":"velfor participe au salon 2026 pharmapack"},{"@type":"BreadcrumbList","@id":"https:\/\/www.velfor.com\/de\/velfor-nimmt-an-der-fachmesse-fuer-gesundheitswesen-teil-pharmapack-2026\/#breadcrumb","itemListElement":[{"@type":"ListItem","position":1,"name":"Accueil","item":"https:\/\/www.velfor.com\/de\/startseite\/"},{"@type":"ListItem","position":2,"name":"Velfor nimmt an der Fachmesse f\u00fcr Gesundheitswesen teil: Pharmapack 2026"}]},{"@type":"WebSite","@id":"https:\/\/www.velfor.com\/de\/#website","url":"https:\/\/www.velfor.com\/de\/","name":"Velfor","description":"Le Groupe Velfor, votre partenaire privil\u00e9gi\u00e9 pour des solutions durables et innovantes","publisher":{"@id":"https:\/\/www.velfor.com\/de\/#organization"},"potentialAction":[{"@type":"SearchAction","target":{"@type":"EntryPoint","urlTemplate":"https:\/\/www.velfor.com\/de\/?s={search_term_string}"},"query-input":{"@type":"PropertyValueSpecification","valueRequired":true,"valueName":"search_term_string"}}],"inLanguage":"de"},{"@type":"Organization","@id":"https:\/\/www.velfor.com\/de\/#organization","name":"Velfor","url":"https:\/\/www.velfor.com\/de\/","logo":{"@type":"ImageObject","inLanguage":"de","@id":"https:\/\/www.velfor.com\/de\/#\/schema\/logo\/image\/","url":"https:\/\/www.velfor.com\/wp-content\/uploads\/2024\/12\/velfor-logo.svg","contentUrl":"https:\/\/www.velfor.com\/wp-content\/uploads\/2024\/12\/velfor-logo.svg","width":210,"height":44,"caption":"Velfor"},"image":{"@id":"https:\/\/www.velfor.com\/de\/#\/schema\/logo\/image\/"}},{"@type":"Person","@id":"https:\/\/www.velfor.com\/de\/#\/schema\/person\/e18cc7613e53f0ac050e1fddc7b0c783","name":"e.exbrayat@velfor.com","image":{"@type":"ImageObject","inLanguage":"de","@id":"https:\/\/www.velfor.com\/de\/#\/schema\/person\/image\/","url":"https:\/\/secure.gravatar.com\/avatar\/1349fea46ea8536aa0452bfe960cd4eb17dc35ffbf58d34e85afbda6b0547688?s=96&d=mm&r=g","contentUrl":"https:\/\/secure.gravatar.com\/avatar\/1349fea46ea8536aa0452bfe960cd4eb17dc35ffbf58d34e85afbda6b0547688?s=96&d=mm&r=g","caption":"e.exbrayat@velfor.com"},"url":"https:\/\/www.velfor.com\/de\/author\/e-exbrayatvelfor-com\/"}]}},"_links":{"self":[{"href":"https:\/\/www.velfor.com\/de\/wp-json\/wp\/v2\/posts\/7609","targetHints":{"allow":["GET"]}}],"collection":[{"href":"https:\/\/www.velfor.com\/de\/wp-json\/wp\/v2\/posts"}],"about":[{"href":"https:\/\/www.velfor.com\/de\/wp-json\/wp\/v2\/types\/post"}],"author":[{"embeddable":true,"href":"https:\/\/www.velfor.com\/de\/wp-json\/wp\/v2\/users\/5"}],"replies":[{"embeddable":true,"href":"https:\/\/www.velfor.com\/de\/wp-json\/wp\/v2\/comments?post=7609"}],"version-history":[{"count":2,"href":"https:\/\/www.velfor.com\/de\/wp-json\/wp\/v2\/posts\/7609\/revisions"}],"predecessor-version":[{"id":7612,"href":"https:\/\/www.velfor.com\/de\/wp-json\/wp\/v2\/posts\/7609\/revisions\/7612"}],"wp:featuredmedia":[{"embeddable":true,"href":"https:\/\/www.velfor.com\/de\/wp-json\/wp\/v2\/media\/7593"}],"wp:attachment":[{"href":"https:\/\/www.velfor.com\/de\/wp-json\/wp\/v2\/media?parent=7609"}],"wp:term":[{"taxonomy":"category","embeddable":true,"href":"https:\/\/www.velfor.com\/de\/wp-json\/wp\/v2\/categories?post=7609"},{"taxonomy":"post_tag","embeddable":true,"href":"https:\/\/www.velfor.com\/de\/wp-json\/wp\/v2\/tags?post=7609"}],"curies":[{"name":"wp","href":"https:\/\/api.w.org\/{rel}","templated":true}]}}